{"id":907,"date":"2012-10-15T16:28:23","date_gmt":"2012-10-15T14:28:23","guid":{"rendered":"http:\/\/www.francescogozzo.com\/?p=907"},"modified":"2012-10-15T16:28:23","modified_gmt":"2012-10-15T14:28:23","slug":"diffamazione-su-facebook-meglio-stare-attenti-che-se-poi-lauto-finisce-la-benzina","status":"publish","type":"post","link":"https:\/\/francescogozzo.com\/deu\/diffamazione-su-facebook-meglio-stare-attenti-che-se-poi-lauto-finisce-la-benzina\/","title":{"rendered":"Verleumdung auf Facebook. Passen Sie besser auf, wenn dem Auto das Benzin ausgeht...."},"content":{"rendered":"<p>[:it]Facebook, spazio di grande interesse sia sociale che commerciale. Un nuovo modo di condividere i propri pensieri, idee e spunti lavorativi. Una nuova piazza multimediale.<\/p>\n<p>Tale affermazione, che in un primo momento potrebbe sembrare una mera e semplice asserzione di carattere \u201c<em>para-sociopolitico<\/em>\u201d , si sta in realt\u00e0 rilevando sempre pi\u00f9 di interesse giuridico. Ci si chiede infatti, ma cosa pu\u00f2 accadere se si <strong>pubblica sul proprio profilo un commento offensivo<\/strong>,\u00a0falso o semplicemente volgare? Deve ritenersi che detto comportamento sia effettivamente posto in essere in un luogo pubblico o, addirittura, per mezzo stampa?<\/p>\n<p>A tale domanda, che come si pu\u00f2 capire, non \u00e8 pi\u00f9 di poco interesse, ha risposto il primo di ottobre il Tribunale di Livorno. La Corte su punto ha deciso la condanna di una donna per \u201c<strong>diffamazione<\/strong>\u201d, con l\u2019aggravante \u201c<strong>mezzo stampa<\/strong>\u201d, poich\u00e9 ha insultato il proprio ex datore di lavoro (che l&#8217;aveva licenziata) sul proprio profilo Facebook.<\/p>\n<p>Il tribunale di Livorno, ha dato pertanto vita ad un <strong>nuovo orientamento<\/strong> nella giurisprudenza di merito, ponendosi in controtendenza con un orientamento giurisprudenziale della Cassazione, in base al quale \u201c<em>ai fini della configurabilit\u00e0 di una fattispecie criminosa come reato commesso con il mezzo della stampa, le definizioni che di stampa e stampati fornisce l\u2019art. 1, l . n. 47 del 1948 non sono suscettibili d\u2019interpretazione analogica e\/o estensiva.<\/em>\u201d<\/p>\n<p>Sar\u00e0 quindi necessario che ogni utente ponga sempre pi\u00f9 attenzione ai commenti postati su FB, posto che questi oltre ad avere delle conseguenze prettamente sociali e relazionali, possono addirittura profilare una eventuale responsabilit\u00e0 civile e penale.<\/p>\n<p><iframe src=\"\/\/www.youtube.com\/embed\/UKQdzDQqJ_U\" height=\"450\" width=\"600\" allowfullscreen=\"\" frameborder=\"0\"><\/iframe>[:]<\/p>\n","protected":false},"excerpt":{"rendered":"<p>[:it]Facebook, spazio di grande interesse sia sociale che commerciale. Un nuovo modo di condividere i propri pensieri, idee e spunti [&hellip;]<\/p>\n","protected":false},"author":1,"featured_media":908,"comment_status":"open","ping_status":"open","sticky":false,"template":"","format":"standard","meta":{"footnotes":""},"categories":[44],"tags":[37,67,68],"class_list":["post-907","post","type-post","status-publish","format-standard","has-post-thumbnail","hentry","category-vendite-online","tag-diritto-dellinternet","tag-diffamazione-su-facebook","tag-diffamazione-su-internet"],"_links":{"self":[{"href":"https:\/\/francescogozzo.com\/deu\/wp-json\/wp\/v2\/posts\/907","targetHints":{"allow":["GET"]}}],"collection":[{"href":"https:\/\/francescogozzo.com\/deu\/wp-json\/wp\/v2\/posts"}],"about":[{"href":"https:\/\/francescogozzo.com\/deu\/wp-json\/wp\/v2\/types\/post"}],"author":[{"embeddable":true,"href":"https:\/\/francescogozzo.com\/deu\/wp-json\/wp\/v2\/users\/1"}],"replies":[{"embeddable":true,"href":"https:\/\/francescogozzo.com\/deu\/wp-json\/wp\/v2\/comments?post=907"}],"version-history":[{"count":0,"href":"https:\/\/francescogozzo.com\/deu\/wp-json\/wp\/v2\/posts\/907\/revisions"}],"wp:featuredmedia":[{"embeddable":true,"href":"https:\/\/francescogozzo.com\/deu\/wp-json\/wp\/v2\/media\/908"}],"wp:attachment":[{"href":"https:\/\/francescogozzo.com\/deu\/wp-json\/wp\/v2\/media?parent=907"}],"wp:term":[{"taxonomy":"category","embeddable":true,"href":"https:\/\/francescogozzo.com\/deu\/wp-json\/wp\/v2\/categories?post=907"},{"taxonomy":"post_tag","embeddable":true,"href":"https:\/\/francescogozzo.com\/deu\/wp-json\/wp\/v2\/tags?post=907"}],"curies":[{"name":"wp","href":"https:\/\/api.w.org\/{rel}","templated":true}]}}